{"id":1502,"date":"2023-06-09T14:34:37","date_gmt":"2023-06-09T12:34:37","guid":{"rendered":"http:\/\/beethoven.org.pl\/impresariat\/?p=1502"},"modified":"2023-06-09T14:34:37","modified_gmt":"2023-06-09T12:34:37","slug":"krzysztof-ksiazek-na-wernisazu-w-muzeum-ksiazat-czartoryskich-w-krakowie","status":"publish","type":"post","link":"https:\/\/beethoven.org.pl\/impresariat\/en\/2023\/06\/09\/krzysztof-ksiazek-na-wernisazu-w-muzeum-ksiazat-czartoryskich-w-krakowie\/","title":{"rendered":"(Polski) Krzysztof Ksi\u0105\u017cek na wernisa\u017cu w Muzeum Ksi\u0105\u017c\u0105t Czartoryskich w Krakowie"},"content":{"rendered":"<p class=\"qtranxs-available-languages-message qtranxs-available-languages-message-en\">Sorry, this entry is only available in <a href=\"https:\/\/beethoven.org.pl\/impresariat\/pl\/wp-json\/wp\/v2\/posts\/1502\" class=\"qtranxs-available-language-link qtranxs-available-language-link-pl\" title=\"Polski\">Polski<\/a>.<\/p>","protected":false},"excerpt":{"rendered":"<p>Sorry, this entry is only available in Polski.<\/p>\n","protected":false},"author":2,"featured_media":0,"comment_status":"open","ping_status":"open","sticky":false,"template":"","format":"standard","meta":{"footnotes":""},"categories":[1],"tags":[],"class_list":["post-1502","post","type-post","status-publish","format-standard","hentry","category-bez-kategorii"],"_links":{"self":[{"href":"https:\/\/beethoven.org.pl\/impresariat\/en\/wp-json\/wp\/v2\/posts\/1502","targetHints":{"allow":["GET"]}}],"collection":[{"href":"https:\/\/beethoven.org.pl\/impresariat\/en\/wp-json\/wp\/v2\/posts"}],"about":[{"href":"https:\/\/beethoven.org.pl\/impresariat\/en\/wp-json\/wp\/v2\/types\/post"}],"author":[{"embeddable":true,"href":"https:\/\/beethoven.org.pl\/impresariat\/en\/wp-json\/wp\/v2\/users\/2"}],"replies":[{"embeddable":true,"href":"https:\/\/beethoven.org.pl\/impresariat\/en\/wp-json\/wp\/v2\/comments?post=1502"}],"version-history":[{"count":1,"href":"https:\/\/beethoven.org.pl\/impresariat\/en\/wp-json\/wp\/v2\/posts\/1502\/revisions"}],"predecessor-version":[{"id":1503,"href":"https:\/\/beethoven.org.pl\/impresariat\/en\/wp-json\/wp\/v2\/posts\/1502\/revisions\/1503"}],"wp:attachment":[{"href":"https:\/\/beethoven.org.pl\/impresariat\/en\/wp-json\/wp\/v2\/media?parent=1502"}],"wp:term":[{"taxonomy":"category","embeddable":true,"href":"https:\/\/beethoven.org.pl\/impresariat\/en\/wp-json\/wp\/v2\/categories?post=1502"},{"taxonomy":"post_tag","embeddable":true,"href":"https:\/\/beethoven.org.pl\/impresariat\/en\/wp-json\/wp\/v2\/tags?post=1502"}],"curies":[{"name":"wp","href":"https:\/\/api.w.org\/{rel}","templated":true}]}}