{"id":1408,"date":"2022-09-26T11:11:56","date_gmt":"2022-09-26T09:11:56","guid":{"rendered":"http:\/\/beethoven.org.pl\/impresariat\/?p=1408"},"modified":"2022-09-26T11:17:32","modified_gmt":"2022-09-26T09:17:32","slug":"finalowy-koncert-festiwalu-ballady-i-romanse-juz-2-pazdziernika-w-kazimierzu","status":"publish","type":"post","link":"https:\/\/beethoven.org.pl\/impresariat\/en\/2022\/09\/26\/finalowy-koncert-festiwalu-ballady-i-romanse-juz-2-pazdziernika-w-kazimierzu\/","title":{"rendered":"(Polski) Fina\u0142owy koncert festiwalu &#8220;Ballady i romanse&#8221; ju\u017c 2 pa\u017adziernika w Kazimierzu Dolnym"},"content":{"rendered":"<p class=\"qtranxs-available-languages-message qtranxs-available-languages-message-en\">Sorry, this entry is only available in <a href=\"https:\/\/beethoven.org.pl\/impresariat\/pl\/wp-json\/wp\/v2\/posts\/1408\" class=\"qtranxs-available-language-link qtranxs-available-language-link-pl\" title=\"Polski\">Polski<\/a>.<\/p>","protected":false},"excerpt":{"rendered":"<p>Sorry, this entry is only available in Polski.<\/p>\n","protected":false},"author":2,"featured_media":0,"comment_status":"open","ping_status":"open","sticky":false,"template":"","format":"standard","meta":{"footnotes":""},"categories":[1],"tags":[],"class_list":["post-1408","post","type-post","status-publish","format-standard","hentry","category-bez-kategorii"],"_links":{"self":[{"href":"https:\/\/beethoven.org.pl\/impresariat\/en\/wp-json\/wp\/v2\/posts\/1408","targetHints":{"allow":["GET"]}}],"collection":[{"href":"https:\/\/beethoven.org.pl\/impresariat\/en\/wp-json\/wp\/v2\/posts"}],"about":[{"href":"https:\/\/beethoven.org.pl\/impresariat\/en\/wp-json\/wp\/v2\/types\/post"}],"author":[{"embeddable":true,"href":"https:\/\/beethoven.org.pl\/impresariat\/en\/wp-json\/wp\/v2\/users\/2"}],"replies":[{"embeddable":true,"href":"https:\/\/beethoven.org.pl\/impresariat\/en\/wp-json\/wp\/v2\/comments?post=1408"}],"version-history":[{"count":2,"href":"https:\/\/beethoven.org.pl\/impresariat\/en\/wp-json\/wp\/v2\/posts\/1408\/revisions"}],"predecessor-version":[{"id":1412,"href":"https:\/\/beethoven.org.pl\/impresariat\/en\/wp-json\/wp\/v2\/posts\/1408\/revisions\/1412"}],"wp:attachment":[{"href":"https:\/\/beethoven.org.pl\/impresariat\/en\/wp-json\/wp\/v2\/media?parent=1408"}],"wp:term":[{"taxonomy":"category","embeddable":true,"href":"https:\/\/beethoven.org.pl\/impresariat\/en\/wp-json\/wp\/v2\/categories?post=1408"},{"taxonomy":"post_tag","embeddable":true,"href":"https:\/\/beethoven.org.pl\/impresariat\/en\/wp-json\/wp\/v2\/tags?post=1408"}],"curies":[{"name":"wp","href":"https:\/\/api.w.org\/{rel}","templated":true}]}}