{"id":1356,"date":"2022-01-20T13:19:36","date_gmt":"2022-01-20T12:19:36","guid":{"rendered":"http:\/\/beethoven.org.pl\/impresariat\/?p=1356"},"modified":"2022-01-20T13:19:36","modified_gmt":"2022-01-20T12:19:36","slug":"krzysztof-ksiazek-wystapil-podczas-dnia-polskiego-w-centrum-olimpijskim-pkol","status":"publish","type":"post","link":"https:\/\/beethoven.org.pl\/impresariat\/en\/2022\/01\/20\/krzysztof-ksiazek-wystapil-podczas-dnia-polskiego-w-centrum-olimpijskim-pkol\/","title":{"rendered":"(Polski) Krzysztof Ksi\u0105\u017cek wyst\u0105pi\u0142 podczas Dnia Polskiego w Centrum Olimpijskim PKOl"},"content":{"rendered":"<p class=\"qtranxs-available-languages-message qtranxs-available-languages-message-en\">Sorry, this entry is only available in <a href=\"https:\/\/beethoven.org.pl\/impresariat\/pl\/wp-json\/wp\/v2\/posts\/1356\" class=\"qtranxs-available-language-link qtranxs-available-language-link-pl\" title=\"Polski\">Polski<\/a>.<\/p>","protected":false},"excerpt":{"rendered":"<p>Sorry, this entry is only available in Polski.<\/p>\n","protected":false},"author":2,"featured_media":0,"comment_status":"open","ping_status":"open","sticky":false,"template":"","format":"standard","meta":{"footnotes":""},"categories":[1],"tags":[],"class_list":["post-1356","post","type-post","status-publish","format-standard","hentry","category-bez-kategorii"],"_links":{"self":[{"href":"https:\/\/beethoven.org.pl\/impresariat\/en\/wp-json\/wp\/v2\/posts\/1356","targetHints":{"allow":["GET"]}}],"collection":[{"href":"https:\/\/beethoven.org.pl\/impresariat\/en\/wp-json\/wp\/v2\/posts"}],"about":[{"href":"https:\/\/beethoven.org.pl\/impresariat\/en\/wp-json\/wp\/v2\/types\/post"}],"author":[{"embeddable":true,"href":"https:\/\/beethoven.org.pl\/impresariat\/en\/wp-json\/wp\/v2\/users\/2"}],"replies":[{"embeddable":true,"href":"https:\/\/beethoven.org.pl\/impresariat\/en\/wp-json\/wp\/v2\/comments?post=1356"}],"version-history":[{"count":1,"href":"https:\/\/beethoven.org.pl\/impresariat\/en\/wp-json\/wp\/v2\/posts\/1356\/revisions"}],"predecessor-version":[{"id":1358,"href":"https:\/\/beethoven.org.pl\/impresariat\/en\/wp-json\/wp\/v2\/posts\/1356\/revisions\/1358"}],"wp:attachment":[{"href":"https:\/\/beethoven.org.pl\/impresariat\/en\/wp-json\/wp\/v2\/media?parent=1356"}],"wp:term":[{"taxonomy":"category","embeddable":true,"href":"https:\/\/beethoven.org.pl\/impresariat\/en\/wp-json\/wp\/v2\/categories?post=1356"},{"taxonomy":"post_tag","embeddable":true,"href":"https:\/\/beethoven.org.pl\/impresariat\/en\/wp-json\/wp\/v2\/tags?post=1356"}],"curies":[{"name":"wp","href":"https:\/\/api.w.org\/{rel}","templated":true}]}}