{"id":169,"date":"2016-12-16T13:57:23","date_gmt":"2016-12-16T12:57:23","guid":{"rendered":"http:\/\/dev.yoho.pl\/beethoven\/encyklopedia\/?p=169"},"modified":"2016-12-16T13:57:23","modified_gmt":"2016-12-16T12:57:23","slug":"chopin-fryderyk-andante-spianato-i-polonez-es-dur-op-22","status":"publish","type":"post","link":"https:\/\/beethoven.org.pl\/encyklopedia\/chopin-fryderyk-andante-spianato-i-polonez-es-dur-op-22\/","title":{"rendered":"Chopin Fryderyk &#8211; Andante spianato i Polonez Es-dur op. 22"},"content":{"rendered":"<p>Z zamiarem skomponowania utworu koncertowego w stylu brillant z introdukcj\u0105 nosi\u0142 si\u0119 Chopin jeszcze w Warszawie, o czym dowcipnie pisa\u0142 w li\u015bcie z 18 wrze\u015bnia 1830 roku do Tytusa Woyciechowskiego: \u201eZacz\u0105\u0142em poloneza z orkiestr\u0105, ale tylko dopiero si\u0119 cznie, jest cz\u0105tek, pocz\u0105tku nie ma&#8230;\u201d Poloneza Es-dur uko\u0144czy\u0142 jednak prawdopodobnie dopiero w Wiedniu w lipcu 1831 roku, Andante spianato G-dur komponowa\u0142 zim\u0105 1834-1835 w Pary\u017cu. Utw\u00f3r zosta\u0142 wydany w roku 1836 jako Grande Polonaise brillante pr\u00e9c\u00e9d\u00e9e d\u2019un Andante spianato i dedykowany baronowej d\u2019Este. Orkiestrze wyznaczy\u0142 Chopin rol\u0119 akompaniatora, dlatego te\u017c opus 22 wykonywane jest najcz\u0119\u015bciej w wersji solistycznej.<br \/>\nAndante spianato (\u201espianato\u201d w znaczeniu: \u2018g\u0142adki\u2019 lub \u2018r\u00f3wny\u2019) \u2013 przeznaczone od razu na fortepian solo \u2013 utrzymane jest w charakterze ko\u0142ysankowo-nokturnowym i stanowi nastrojowy wst\u0119p do efektownego Wielkiego Poloneza, uj\u0119tego w form\u0119 ronda zwie\u0144czonego kod\u0105, o uk\u0142adzie tak symetrycznym, jak i repryzowym. Poloneza potraktowa\u0107 mo\u017cna jako wizyt\u00f3wk\u0119 stylu brillant: bohaterski temat szybko podchwycony zostaje przez wartki nurt b\u0142yskotliwych figuracji i efektownych ornamentacji.<br \/>\nW ewolucji tw\u00f3rczej Chopina Wielki Polonez Es-dur przynale\u017cy do fazy okre\u015blonej przez Mieczys\u0142awa Tomaszewskiego mianem \u201eprze\u0142omu romantycznego\u201d, przypadaj\u0105cej na lata w\u0119dr\u00f3wki i naznaczonej m.in. silnymi prze\u017cyciami patriotycznymi.<br \/>\n<b>Ma\u0142gorzata Janicka-S\u0142ysz<\/b><\/p>","protected":false},"excerpt":{"rendered":"<p>Z zamiarem skomponowania utworu koncertowego w stylu brillant z introdukcj\u0105 nosi\u0142 si\u0119 Chopin jeszcze w Warszawie, o czym dowcipnie pisa\u0142 w li\u015bcie z 18 wrze\u015bnia 1830 roku do Tytusa Woyciechowskiego: \u201eZacz\u0105\u0142em poloneza z orkiestr\u0105, ale tylko dopiero si\u0119 cznie, jest cz\u0105tek, pocz\u0105tku nie ma&#8230;\u201d Poloneza Es-dur uko\u0144czy\u0142 jednak prawdopodobnie dopiero w Wiedniu w lipcu 1831 [&hellip;]<\/p>\n","protected":false},"author":2,"featured_media":0,"comment_status":"open","ping_status":"open","sticky":false,"template":"","format":"standard","meta":{"footnotes":""},"categories":[29],"tags":[],"class_list":["post-169","post","type-post","status-publish","format-standard","hentry","category-c"],"_links":{"self":[{"href":"https:\/\/beethoven.org.pl\/encyklopedia\/wp-json\/wp\/v2\/posts\/169","targetHints":{"allow":["GET"]}}],"collection":[{"href":"https:\/\/beethoven.org.pl\/encyklopedia\/wp-json\/wp\/v2\/posts"}],"about":[{"href":"https:\/\/beethoven.org.pl\/encyklopedia\/wp-json\/wp\/v2\/types\/post"}],"author":[{"embeddable":true,"href":"https:\/\/beethoven.org.pl\/encyklopedia\/wp-json\/wp\/v2\/users\/2"}],"replies":[{"embeddable":true,"href":"https:\/\/beethoven.org.pl\/encyklopedia\/wp-json\/wp\/v2\/comments?post=169"}],"version-history":[{"count":1,"href":"https:\/\/beethoven.org.pl\/encyklopedia\/wp-json\/wp\/v2\/posts\/169\/revisions"}],"predecessor-version":[{"id":170,"href":"https:\/\/beethoven.org.pl\/encyklopedia\/wp-json\/wp\/v2\/posts\/169\/revisions\/170"}],"wp:attachment":[{"href":"https:\/\/beethoven.org.pl\/encyklopedia\/wp-json\/wp\/v2\/media?parent=169"}],"wp:term":[{"taxonomy":"category","embeddable":true,"href":"https:\/\/beethoven.org.pl\/encyklopedia\/wp-json\/wp\/v2\/categories?post=169"},{"taxonomy":"post_tag","embeddable":true,"href":"https:\/\/beethoven.org.pl\/encyklopedia\/wp-json\/wp\/v2\/tags?post=169"}],"curies":[{"name":"wp","href":"https:\/\/api.w.org\/{rel}","templated":true}]}}