{"id":2290,"date":"2020-02-11T14:06:19","date_gmt":"2020-02-11T13:06:19","guid":{"rendered":"http:\/\/beethoven.org.pl\/artysci\/?p=2290"},"modified":"2020-02-11T14:06:19","modified_gmt":"2020-02-11T13:06:19","slug":"elzbieta-penderecka-czlonkiem-rady-doradczej-european-union-youth-orchestra","status":"publish","type":"post","link":"https:\/\/beethoven.org.pl\/artysci\/elzbieta-penderecka-czlonkiem-rady-doradczej-european-union-youth-orchestra\/","title":{"rendered":"El\u017cbieta Penderecka cz\u0142onkiem Rady Doradczej  European Union Youth Orchestra"},"content":{"rendered":"<p>El\u017cbieta Penderecka jako promotor m\u0142odych artyst\u00f3w na \u015bwiecie na specjalne zaproszenie Iana Stoutzkera i Johna Tusy do\u0142\u0105cza do Rady Doradczej\u00a0\u00a0European Union Youth Orchestra. B\u0119dzie s\u0142u\u017cy\u0107 swoj\u0105 rad\u0105 i do\u015bwiadczeniem w promocji tego wyj\u0105tkowego projektu.<\/p>\n<p>European Union Youth Orchestra to orkiestra symfoniczna stworzona z m\u0142odych utalentowanych artyst\u00f3w ze wszystkich kraj\u00f3w cz\u0142onkowskich Unii Europejskiej. Co roku jej cz\u0142onkowie maj\u0105 okazj\u0119 odby\u0107 \u015bwiatowe\u00a0tourn\u00e9e pod batut\u0105 wybitnych dyrygent\u00f3w.\u00a0Z orkiestr\u0105 pracowali m.in. Claudio Abbado, Leonard Bernstein czy Herbert von Karajan. Muzycy tworz\u0105cy\u00a0\u00a0European Union Youth Orchestra dzielili scen\u0119 z takimi artystami jak\u00a0Martha Argerich,\u00a0Anne-Sophie Mutter, czy\u00a0Barbara Hendricks.<\/p>","protected":false},"excerpt":{"rendered":"<p>El\u017cbieta Penderecka jako promotor m\u0142odych artyst\u00f3w na \u015bwiecie na specjalne zaproszenie Iana Stoutzkera i Johna Tusy do\u0142\u0105cza do Rady Doradczej\u00a0\u00a0European Union Youth Orchestra. B\u0119dzie s\u0142u\u017cy\u0107 swoj\u0105 rad\u0105 i do\u015bwiadczeniem w promocji tego wyj\u0105tkowego projektu. European Union Youth Orchestra to orkiestra symfoniczna stworzona z m\u0142odych utalentowanych artyst\u00f3w ze wszystkich kraj\u00f3w cz\u0142onkowskich Unii Europejskiej. Co roku jej [&hellip;]<\/p>\n","protected":false},"author":2,"featured_media":0,"comment_status":"open","ping_status":"open","sticky":false,"template":"","format":"standard","meta":{"footnotes":""},"categories":[1],"tags":[],"class_list":["post-2290","post","type-post","status-publish","format-standard","hentry","category-bez-kategorii"],"_links":{"self":[{"href":"https:\/\/beethoven.org.pl\/artysci\/wp-json\/wp\/v2\/posts\/2290","targetHints":{"allow":["GET"]}}],"collection":[{"href":"https:\/\/beethoven.org.pl\/artysci\/wp-json\/wp\/v2\/posts"}],"about":[{"href":"https:\/\/beethoven.org.pl\/artysci\/wp-json\/wp\/v2\/types\/post"}],"author":[{"embeddable":true,"href":"https:\/\/beethoven.org.pl\/artysci\/wp-json\/wp\/v2\/users\/2"}],"replies":[{"embeddable":true,"href":"https:\/\/beethoven.org.pl\/artysci\/wp-json\/wp\/v2\/comments?post=2290"}],"version-history":[{"count":2,"href":"https:\/\/beethoven.org.pl\/artysci\/wp-json\/wp\/v2\/posts\/2290\/revisions"}],"predecessor-version":[{"id":2294,"href":"https:\/\/beethoven.org.pl\/artysci\/wp-json\/wp\/v2\/posts\/2290\/revisions\/2294"}],"wp:attachment":[{"href":"https:\/\/beethoven.org.pl\/artysci\/wp-json\/wp\/v2\/media?parent=2290"}],"wp:term":[{"taxonomy":"category","embeddable":true,"href":"https:\/\/beethoven.org.pl\/artysci\/wp-json\/wp\/v2\/categories?post=2290"},{"taxonomy":"post_tag","embeddable":true,"href":"https:\/\/beethoven.org.pl\/artysci\/wp-json\/wp\/v2\/tags?post=2290"}],"curies":[{"name":"wp","href":"https:\/\/api.w.org\/{rel}","templated":true}]}}